{"id":2788,"date":"2014-05-23T17:55:39","date_gmt":"2014-05-23T15:55:39","guid":{"rendered":"http:\/\/www.msrr.at\/cms\/?p=2788"},"modified":"2015-01-12T17:22:58","modified_gmt":"2015-01-12T15:22:58","slug":"rallycross-tapolca-nyirad-ungarn","status":"publish","type":"post","link":"http:\/\/www.msrr.at\/cms\/rallycross-tapolca-nyirad-ungarn\/","title":{"rendered":"Rallycross Tapolca \/ Nyirad Ungarn"},"content":{"rendered":"<p>Rennbericht Rallycross Tapolca \/ Nyirad Ungarn<\/p>\n<p>Am vergangenen Wochenende fand im ungarischen Nyirad der Saisonauftakt der \u00f6sterreichischen Rallycross Staatsmeisterschaft 2014 statt,gleichzeitig auch Lauf 2 zur European rallycross Challenge.<\/p>\n<p><img loading=\"lazy\" decoding=\"async\" class=\"alignright wp-image-2790 size-medium\" src=\"http:\/\/www.msrr.at\/cms\/wp-content\/uploads\/2014\/05\/Bracher23-300x200.jpg\" alt=\"Bracher23\" width=\"300\" height=\"200\" srcset=\"http:\/\/www.msrr.at\/cms\/wp-content\/uploads\/2014\/05\/Bracher23-300x200.jpg 300w, http:\/\/www.msrr.at\/cms\/wp-content\/uploads\/2014\/05\/Bracher23-1024x682.jpg 1024w, http:\/\/www.msrr.at\/cms\/wp-content\/uploads\/2014\/05\/Bracher23-600x400.jpg 600w, http:\/\/www.msrr.at\/cms\/wp-content\/uploads\/2014\/05\/Bracher23-250x166.jpg 250w, http:\/\/www.msrr.at\/cms\/wp-content\/uploads\/2014\/05\/Bracher23.jpg 1800w\" sizes=\"auto, (max-width: 300px) 100vw, 300px\" \/><\/p>\n<p><!--more--><\/p>\n<p>Beginnen wir bei der National 1600 Klasse wo neben Deb\u00fctant Patrick Eigenbauer (HondaCRX) auch Leo Pfeiffer (Mazda 323) am Start h\u00e4tte sein sollen den jedoch die Regenf\u00e4lle einen Strich durch die Rechnung machten da er von den \u00dcberschwemmungen massiv betroffen wurde.<\/p>\n<p>Nun zum sportlichen,auch das ungarische Nyirad war von den Regenf\u00e4llen betroffen die Strecke zwar in guten Zustand aber dennoch in den Schotterbereichen relativ aufgeweicht.<\/p>\n<p><img loading=\"lazy\" decoding=\"async\" class=\"alignright wp-image-2789 size-medium\" src=\"http:\/\/www.msrr.at\/cms\/wp-content\/uploads\/2014\/05\/Bracher12-300x200.jpg\" alt=\"Bracher12\" width=\"300\" height=\"200\" srcset=\"http:\/\/www.msrr.at\/cms\/wp-content\/uploads\/2014\/05\/Bracher12-300x200.jpg 300w, http:\/\/www.msrr.at\/cms\/wp-content\/uploads\/2014\/05\/Bracher12-1024x682.jpg 1024w, http:\/\/www.msrr.at\/cms\/wp-content\/uploads\/2014\/05\/Bracher12-600x400.jpg 600w, http:\/\/www.msrr.at\/cms\/wp-content\/uploads\/2014\/05\/Bracher12-250x166.jpg 250w, http:\/\/www.msrr.at\/cms\/wp-content\/uploads\/2014\/05\/Bracher12.jpg 1800w\" sizes=\"auto, (max-width: 300px) 100vw, 300px\" \/>In den ersten beiden Trainings belegte Patrick die R\u00e4nge 10 und 12 und im ersten Vorlauf noch mit Regenreifen Platz 11. Auf abtrocknender Strecke wurde zum zweiten Vorlauf auf Sommerreifen umgesteckt und dort gelang Platz 10 zum dritten Vorlauf am Sonntag war Patrick etwas \u00fcbermotiviert und belegte in diesem nur den letzten Platz nach einem Ausrutscher in der Jokerlap das bedeutete in der Addition der Vorl\u00e4ufe den letzen Startplatz im B-Finale dort lieferte er eine fehlerlose Leistung ab und lies sich auch von einer Attacke von J\u00f6rg Rath der am Heck andockte sich nicht aus der Ruhe bringen und belegte im Endklassement Platz 9 bei seinem ersten Antreten .Auch Helmut Kellner`s ex Megane war am Start fiel jedoch nach dem ersten Vorlauf aus.<\/p>\n<p>Zu den Supernationals wo mit Stefan Bracher (Renault Clio) und Hans Eigenbauer (VW Polo Turbo) zwei MSRR Piloten am Start waren. Die Trainings liefen bei beiden problemlos ab und im ersten Vorlauf platzierten sich Stefan auf Platz 16 und Hans auf Platz 17 im zweiten Vorlauf kam Hans auf Platz 15 Stefan jedoch war in diesem \u00fcbernerv\u00f6s und legte gleich zweimal eine Fr\u00fchstart hin und durfte daraufhin gleich wieder zur\u00fcck ins Fahrerlager .<\/p>\n<p>Im dritten Vorlauf lief dann alles wieder in geregelten Bahnen ab und Stefan konnte sich f\u00fcr die zweite Reihe im C-Finale qualifizieren Hans hatte eine Begegnung mit Stockis BMW aufgrund eines h\u00e4ngengebliebenen Gasseils das in der Folge dann noch ganz gerissen ist mit Platz 15 im dritten Vorlauf war aber der D-Finalstartplatz gesichert . Vom Start weg konnte sich Hans auf Platz 3 im Finale festsetzen , fast w\u00e4re noch der Aufstieg ins C-Finale gelungen da Bernd Werfring vor ihm einen Reifenschaden erlitt.Platz 17 Gesamt und der 4.Platz in der Klasse +2000ccm sind ein tolles Ergebnis mit der sonst so zickigen Diva.<\/p>\n<p>Stefan nahm aus der 2 Reihe das C-Finale in Angriff und als Ziel den Aufstieg ins B-Finale im Auge doch funktionierte der Start nicht und er wurde gleich zu Beginn ans Ende des Feldes zur\u00fcckgereicht von diesen Platz konnte er sich nicht mehr l\u00f6sen und belegte im Gesamtergebnis Platz 15 und Platz 9 in der Klasse.<\/p>\n<p><strong>Bilder von L.Freist\u00e4tter<\/strong><\/p>\n<p><img loading=\"lazy\" decoding=\"async\" class=\"alignright wp-image-2791 size-large\" src=\"http:\/\/www.msrr.at\/cms\/wp-content\/uploads\/2014\/05\/Eigenbauer_J08-1024x682.jpg\" alt=\"Eigenbauer_J08\" width=\"474\" height=\"315\" srcset=\"http:\/\/www.msrr.at\/cms\/wp-content\/uploads\/2014\/05\/Eigenbauer_J08-1024x682.jpg 1024w, http:\/\/www.msrr.at\/cms\/wp-content\/uploads\/2014\/05\/Eigenbauer_J08-300x200.jpg 300w, http:\/\/www.msrr.at\/cms\/wp-content\/uploads\/2014\/05\/Eigenbauer_J08-600x400.jpg 600w, http:\/\/www.msrr.at\/cms\/wp-content\/uploads\/2014\/05\/Eigenbauer_J08-250x166.jpg 250w, http:\/\/www.msrr.at\/cms\/wp-content\/uploads\/2014\/05\/Eigenbauer_J08.jpg 1800w\" sizes=\"auto, (max-width: 474px) 100vw, 474px\" \/> <img loading=\"lazy\" decoding=\"async\" class=\"alignright wp-image-2792 size-large\" src=\"http:\/\/www.msrr.at\/cms\/wp-content\/uploads\/2014\/05\/Eigenbauer_J-Stoklassa02-1024x682.jpg\" alt=\"Eigenbauer_J-Stoklassa02\" width=\"474\" height=\"315\" srcset=\"http:\/\/www.msrr.at\/cms\/wp-content\/uploads\/2014\/05\/Eigenbauer_J-Stoklassa02-1024x682.jpg 1024w, http:\/\/www.msrr.at\/cms\/wp-content\/uploads\/2014\/05\/Eigenbauer_J-Stoklassa02-300x200.jpg 300w, http:\/\/www.msrr.at\/cms\/wp-content\/uploads\/2014\/05\/Eigenbauer_J-Stoklassa02-600x400.jpg 600w, http:\/\/www.msrr.at\/cms\/wp-content\/uploads\/2014\/05\/Eigenbauer_J-Stoklassa02-250x166.jpg 250w, http:\/\/www.msrr.at\/cms\/wp-content\/uploads\/2014\/05\/Eigenbauer_J-Stoklassa02.jpg 1800w\" sizes=\"auto, (max-width: 474px) 100vw, 474px\" \/> <img loading=\"lazy\" decoding=\"async\" class=\"alignright wp-image-2793 size-large\" src=\"http:\/\/www.msrr.at\/cms\/wp-content\/uploads\/2014\/05\/Eigenbauer_P16-1024x682.jpg\" alt=\"Eigenbauer_P16\" width=\"474\" height=\"315\" srcset=\"http:\/\/www.msrr.at\/cms\/wp-content\/uploads\/2014\/05\/Eigenbauer_P16-1024x682.jpg 1024w, http:\/\/www.msrr.at\/cms\/wp-content\/uploads\/2014\/05\/Eigenbauer_P16-300x200.jpg 300w, http:\/\/www.msrr.at\/cms\/wp-content\/uploads\/2014\/05\/Eigenbauer_P16-600x400.jpg 600w, http:\/\/www.msrr.at\/cms\/wp-content\/uploads\/2014\/05\/Eigenbauer_P16-250x166.jpg 250w, http:\/\/www.msrr.at\/cms\/wp-content\/uploads\/2014\/05\/Eigenbauer_P16.jpg 1800w\" sizes=\"auto, (max-width: 474px) 100vw, 474px\" \/><\/p>\n<p><img loading=\"lazy\" decoding=\"async\" class=\"alignright wp-image-2794 size-large\" src=\"http:\/\/www.msrr.at\/cms\/wp-content\/uploads\/2014\/05\/Eigenbauer_P-Rath01-1024x682.jpg\" alt=\"Eigenbauer_P-Rath01\" width=\"474\" height=\"315\" srcset=\"http:\/\/www.msrr.at\/cms\/wp-content\/uploads\/2014\/05\/Eigenbauer_P-Rath01-1024x682.jpg 1024w, http:\/\/www.msrr.at\/cms\/wp-content\/uploads\/2014\/05\/Eigenbauer_P-Rath01-300x200.jpg 300w, http:\/\/www.msrr.at\/cms\/wp-content\/uploads\/2014\/05\/Eigenbauer_P-Rath01-600x400.jpg 600w, http:\/\/www.msrr.at\/cms\/wp-content\/uploads\/2014\/05\/Eigenbauer_P-Rath01-250x166.jpg 250w, http:\/\/www.msrr.at\/cms\/wp-content\/uploads\/2014\/05\/Eigenbauer_P-Rath01.jpg 1800w\" sizes=\"auto, (max-width: 474px) 100vw, 474px\" \/><\/p>\n","protected":false},"excerpt":{"rendered":"<p>Rennbericht Rallycross Tapolca \/ Nyirad Ungarn Am vergangenen Wochenende fand im ungarischen Nyirad der Saisonauftakt der \u00f6sterreichischen Rallycross Staatsmeisterschaft 2014 statt,gleichzeitig auch Lauf 2 zur European rallycross Challenge.<\/p>\n","protected":false},"author":4,"featured_media":2789,"comment_status":"open","ping_status":"closed","sticky":false,"template":"","format":"standard","meta":{"ngg_post_thumbnail":0,"footnotes":""},"categories":[8],"tags":[],"class_list":["post-2788","post","type-post","status-publish","format-standard","has-post-thumbnail","hentry","category-rallycross"],"_links":{"self":[{"href":"http:\/\/www.msrr.at\/cms\/wp-json\/wp\/v2\/posts\/2788","targetHints":{"allow":["GET"]}}],"collection":[{"href":"http:\/\/www.msrr.at\/cms\/wp-json\/wp\/v2\/posts"}],"about":[{"href":"http:\/\/www.msrr.at\/cms\/wp-json\/wp\/v2\/types\/post"}],"author":[{"embeddable":true,"href":"http:\/\/www.msrr.at\/cms\/wp-json\/wp\/v2\/users\/4"}],"replies":[{"embeddable":true,"href":"http:\/\/www.msrr.at\/cms\/wp-json\/wp\/v2\/comments?post=2788"}],"version-history":[{"count":5,"href":"http:\/\/www.msrr.at\/cms\/wp-json\/wp\/v2\/posts\/2788\/revisions"}],"predecessor-version":[{"id":2806,"href":"http:\/\/www.msrr.at\/cms\/wp-json\/wp\/v2\/posts\/2788\/revisions\/2806"}],"wp:featuredmedia":[{"embeddable":true,"href":"http:\/\/www.msrr.at\/cms\/wp-json\/wp\/v2\/media\/2789"}],"wp:attachment":[{"href":"http:\/\/www.msrr.at\/cms\/wp-json\/wp\/v2\/media?parent=2788"}],"wp:term":[{"taxonomy":"category","embeddable":true,"href":"http:\/\/www.msrr.at\/cms\/wp-json\/wp\/v2\/categories?post=2788"},{"taxonomy":"post_tag","embeddable":true,"href":"http:\/\/www.msrr.at\/cms\/wp-json\/wp\/v2\/tags?post=2788"}],"curies":[{"name":"wp","href":"https:\/\/api.w.org\/{rel}","templated":true}]}}