{"id":1910,"date":"2012-07-01T19:06:40","date_gmt":"2012-07-01T17:06:40","guid":{"rendered":"http:\/\/www.msrr.at\/cms\/?p=1910"},"modified":"2014-04-28T20:18:05","modified_gmt":"2014-04-28T18:18:05","slug":"slalom-stetteldorf-1-7-2012-die-msrr-piloten","status":"publish","type":"post","link":"http:\/\/www.msrr.at\/cms\/slalom-stetteldorf-1-7-2012-die-msrr-piloten\/","title":{"rendered":"Slalom Stetteldorf 1.7.2012 &#8222;Die MSRR-Piloten&#8220;"},"content":{"rendered":"<p><img loading=\"lazy\" decoding=\"async\" class=\"wp-image-861 alignleft\" alt=\"1756_bointner_r01_120\" src=\"http:\/\/www.msrr.at\/cms\/wp-content\/uploads\/2014\/02\/1756_bointner_r01_120.jpg\" width=\"120\" height=\"90\" \/>Im Starterfeld der Hitzeschlacht von Stetteldorf auch sechs MSRR-Piloten, Thomas Preiser feierte im Ford Escort XR3 einen souver\u00e4nen Klassensieg bei den Rennfahrzeugen bis 1600 ccm.<\/p>\n<p><!--more--><\/p>\n<p><img loading=\"lazy\" decoding=\"async\" class=\"alignnone size-full wp-image-859\" style=\"border: 1px solid black;\" alt=\"1754_kellner_s03_200\" src=\"http:\/\/www.msrr.at\/cms\/wp-content\/uploads\/2014\/02\/1754_kellner_s03_200.jpg\" width=\"200\" height=\"150\" \/> <img loading=\"lazy\" decoding=\"async\" class=\"alignnone size-full wp-image-860\" style=\"border: 1px solid black;\" alt=\"1755_preiser01a_200\" src=\"http:\/\/www.msrr.at\/cms\/wp-content\/uploads\/2014\/02\/1755_preiser01a_200.jpg\" width=\"200\" height=\"150\" \/><\/p>\n<p><strong>Slalom Stetteldorf 1.7.2012<\/strong><br \/>\nDie Kellners waren bei den Serienautos mit dem Renault Clio sehr erfolgreich unterwegs. Beim Lauf zum Tagessieg holten die Pl\u00e4tze neun (Stefan) und zehn (Helmut). In der Klasse bis 2000 ccm hatte der Papa die Nase vorne. Helmut wurde F\u00fcnfter w\u00e4hrend Stefan diesmal \u00fcber Rang sieben nicht hinauskam. Patrick Eigenbauer im Honda CRX war gleich in drei Klassen vertreten. Beim Tagessieg belegte er den 26. Platz, in der Klasse bis 1600 ccm wurde er Achter. In der Youngsterklasse erreichte er mit Rang f\u00fcnf seine beste Platzierung an diesem Tag. Julia Baier war mit dem Honda von Patrick in der Damenklasse am Start und wurde dort Dritte.<br \/>\nBei den offenen Fahrzeugen waren Thomas Preiser (Ford Escort XR3) und Reinhard Bointner (Seat Ibiza) mit von der Partie. Beim Lauf zum Tagessieg belegten sie die Pl\u00e4tze f\u00fcnf und acht. In der Klasse bis 1600 fuhren sie beide auf das Siegespodest. Thomas holte den Klassensieg und Reinhard wurde Dritter.<\/p>\n","protected":false},"excerpt":{"rendered":"<p>Im Starterfeld der Hitzeschlacht von Stetteldorf auch sechs MSRR-Piloten, Thomas Preiser feierte im Ford Escort XR3 einen souver\u00e4nen Klassensieg bei den Rennfahrzeugen bis 1600 ccm.<\/p>\n","protected":false},"author":1,"featured_media":0,"comment_status":"open","ping_status":"closed","sticky":false,"template":"","format":"standard","meta":{"ngg_post_thumbnail":0,"footnotes":""},"categories":[4],"tags":[],"class_list":["post-1910","post","type-post","status-publish","format-standard","hentry","category-slalom"],"_links":{"self":[{"href":"http:\/\/www.msrr.at\/cms\/wp-json\/wp\/v2\/posts\/1910","targetHints":{"allow":["GET"]}}],"collection":[{"href":"http:\/\/www.msrr.at\/cms\/wp-json\/wp\/v2\/posts"}],"about":[{"href":"http:\/\/www.msrr.at\/cms\/wp-json\/wp\/v2\/types\/post"}],"author":[{"embeddable":true,"href":"http:\/\/www.msrr.at\/cms\/wp-json\/wp\/v2\/users\/1"}],"replies":[{"embeddable":true,"href":"http:\/\/www.msrr.at\/cms\/wp-json\/wp\/v2\/comments?post=1910"}],"version-history":[{"count":1,"href":"http:\/\/www.msrr.at\/cms\/wp-json\/wp\/v2\/posts\/1910\/revisions"}],"predecessor-version":[{"id":1911,"href":"http:\/\/www.msrr.at\/cms\/wp-json\/wp\/v2\/posts\/1910\/revisions\/1911"}],"wp:attachment":[{"href":"http:\/\/www.msrr.at\/cms\/wp-json\/wp\/v2\/media?parent=1910"}],"wp:term":[{"taxonomy":"category","embeddable":true,"href":"http:\/\/www.msrr.at\/cms\/wp-json\/wp\/v2\/categories?post=1910"},{"taxonomy":"post_tag","embeddable":true,"href":"http:\/\/www.msrr.at\/cms\/wp-json\/wp\/v2\/tags?post=1910"}],"curies":[{"name":"wp","href":"https:\/\/api.w.org\/{rel}","templated":true}]}}