{"id":1902,"date":"2012-04-15T18:54:37","date_gmt":"2012-04-15T16:54:37","guid":{"rendered":"http:\/\/www.msrr.at\/cms\/?p=1902"},"modified":"2014-04-28T20:18:05","modified_gmt":"2014-04-28T18:18:05","slug":"autoslalom-stetteldorf-15-4-2012-die-msrr-piloten","status":"publish","type":"post","link":"http:\/\/www.msrr.at\/cms\/autoslalom-stetteldorf-15-4-2012-die-msrr-piloten\/","title":{"rendered":"Autoslalom Stetteldorf 15.4.2012 &#8222;Die MSRR-Piloten&#8220;"},"content":{"rendered":"<p><img loading=\"lazy\" decoding=\"async\" class=\"size-full wp-image-830 alignleft\" alt=\"1719_preiser05_120\" src=\"http:\/\/www.msrr.at\/cms\/wp-content\/uploads\/2014\/02\/1719_preiser05_120.jpg\" width=\"120\" height=\"90\" \/>Auch der Veranstalterklub war beim Slalom-Saisonauftakt in Stetteldorf wieder mit einigen Fahrern vertreten.<\/p>\n<p>&nbsp;<\/p>\n<p>&nbsp;<\/p>\n<p><!--more--><\/p>\n<p><img loading=\"lazy\" decoding=\"async\" class=\"alignnone size-full wp-image-831\" style=\"border: 1px solid black;\" alt=\"1720_bracher04_200\" src=\"http:\/\/www.msrr.at\/cms\/wp-content\/uploads\/2014\/02\/1720_bracher04_200.jpg\" width=\"200\" height=\"150\" \/> <img loading=\"lazy\" decoding=\"async\" class=\"alignnone size-full wp-image-832\" style=\"border: 1px solid black;\" alt=\"1721_kellner_h06_200\" src=\"http:\/\/www.msrr.at\/cms\/wp-content\/uploads\/2014\/02\/1721_kellner_h06_200.jpg\" width=\"200\" height=\"150\" \/><\/p>\n<hr \/>\n<p>&nbsp;<br \/>\nIn den Serienklasse war der MSRR Neulengbach diesmal nur mit zwei Piloten vertreten. Peter Schauberger (VW Golf) kam beim Tagessieg auf Rang 16 und wurde in der Dieselklasse F\u00fcnfter. Patrick Eigenbauer (Opel Astra) wurde F\u00fcnfter in der Klasse bis 1600 und belegte den vierten Platz bei den Youngstern. Bei den offenen Fahrzeugen waren f\u00fcnf MSRR-Piloten am Start. Die Slalomspezialisten Thomas Preiser (Ford Escort XR3) und Reinhard Bointner (Seat Ibiza) holten beim Lauf zum Tagessieg die Pl\u00e4tze vier und f\u00fcnf. Stefan Bracher (Renault Clio), Stefan Kellner und Helmut Kellner (beide Renault Megane) waren nur aus Testzwecken am Start. F\u00fcr die Piloten und ihre Fahrzeuge steht am kommenden Wochenende der Rallycross-Saisonauftakt bevor. Sie reihten sich in Stetteldorf auf den R\u00e4ngen sieben bis neun ein. Als schnellster Pilot in der Klasse bis 1600 ccm wurde Thomas Preiser ein \u201eOpfer\u201c der niedrigen Starterzahlen. Die Klassen wurden entsprechend der Ausschreibung zusammengelegt, f\u00fcr Thomas blieb somit nur Rang vier in Stetteldorf.<\/p>\n","protected":false},"excerpt":{"rendered":"<p>Auch der Veranstalterklub war beim Slalom-Saisonauftakt in Stetteldorf wieder mit einigen Fahrern vertreten. &nbsp; &nbsp;<\/p>\n","protected":false},"author":1,"featured_media":0,"comment_status":"open","ping_status":"closed","sticky":false,"template":"","format":"standard","meta":{"ngg_post_thumbnail":0,"footnotes":""},"categories":[4],"tags":[],"class_list":["post-1902","post","type-post","status-publish","format-standard","hentry","category-slalom"],"_links":{"self":[{"href":"http:\/\/www.msrr.at\/cms\/wp-json\/wp\/v2\/posts\/1902","targetHints":{"allow":["GET"]}}],"collection":[{"href":"http:\/\/www.msrr.at\/cms\/wp-json\/wp\/v2\/posts"}],"about":[{"href":"http:\/\/www.msrr.at\/cms\/wp-json\/wp\/v2\/types\/post"}],"author":[{"embeddable":true,"href":"http:\/\/www.msrr.at\/cms\/wp-json\/wp\/v2\/users\/1"}],"replies":[{"embeddable":true,"href":"http:\/\/www.msrr.at\/cms\/wp-json\/wp\/v2\/comments?post=1902"}],"version-history":[{"count":2,"href":"http:\/\/www.msrr.at\/cms\/wp-json\/wp\/v2\/posts\/1902\/revisions"}],"predecessor-version":[{"id":1904,"href":"http:\/\/www.msrr.at\/cms\/wp-json\/wp\/v2\/posts\/1902\/revisions\/1904"}],"wp:attachment":[{"href":"http:\/\/www.msrr.at\/cms\/wp-json\/wp\/v2\/media?parent=1902"}],"wp:term":[{"taxonomy":"category","embeddable":true,"href":"http:\/\/www.msrr.at\/cms\/wp-json\/wp\/v2\/categories?post=1902"},{"taxonomy":"post_tag","embeddable":true,"href":"http:\/\/www.msrr.at\/cms\/wp-json\/wp\/v2\/tags?post=1902"}],"curies":[{"name":"wp","href":"https:\/\/api.w.org\/{rel}","templated":true}]}}