{"id":1865,"date":"2011-04-03T21:23:33","date_gmt":"2011-04-03T19:23:33","guid":{"rendered":"http:\/\/www.msrr.at\/cms\/?p=1865"},"modified":"2014-04-28T20:18:17","modified_gmt":"2014-04-28T18:18:17","slug":"autoslalom-stetteldorf-3-4-2011-die-msrr-piloten","status":"publish","type":"post","link":"http:\/\/www.msrr.at\/cms\/autoslalom-stetteldorf-3-4-2011-die-msrr-piloten\/","title":{"rendered":"Autoslalom Stetteldorf 3.4.2011 &#8222;Die MSRR Piloten&#8220;"},"content":{"rendered":"<p><a href=\"http:\/\/www.msrr.at\/cms\/wp-content\/uploads\/2014\/02\/1542_preiser02_120.jpg\"><img loading=\"lazy\" decoding=\"async\" class=\"size-full wp-image-705 alignleft\" alt=\"1542_preiser02_120\" src=\"http:\/\/www.msrr.at\/cms\/wp-content\/uploads\/2014\/02\/1542_preiser02_120.jpg\" width=\"120\" height=\"90\" \/><\/a>Auch unsere Fahrer nutzten die Gelegenheit, um ihre Rennautos kurz vor dem Saisonstart noch einem letzten Funktionstest zu unterziehen. Die Slalomriege war sowieso geschlossen mit dabei.<\/p>\n<p><!--more--><\/p>\n<p><strong>Autoslalom Stetteldorf 3.4.2011<\/strong><\/p>\n<p><a href=\"http:\/\/www.msrr.at\/cms\/wp-content\/uploads\/2014\/02\/1540_uitz03_200.jpg\"><img loading=\"lazy\" decoding=\"async\" class=\"alignnone size-full wp-image-703\" alt=\"1540_uitz03_200\" src=\"http:\/\/www.msrr.at\/cms\/wp-content\/uploads\/2014\/02\/1540_uitz03_200.jpg\" width=\"200\" height=\"150\" \/><\/a> <a href=\"http:\/\/www.msrr.at\/cms\/wp-content\/uploads\/2014\/02\/1541_iessling02-megane_200.jpg\"><img loading=\"lazy\" decoding=\"async\" class=\"alignnone size-full wp-image-704\" alt=\"1541_iessling02-megane_200\" src=\"http:\/\/www.msrr.at\/cms\/wp-content\/uploads\/2014\/02\/1541_iessling02-megane_200.jpg\" width=\"200\" height=\"150\" \/><\/a><\/p>\n<p>Die gro\u00dfen Erfolge blieben in unserem Team diesmal aus, zu gro\u00df war die Konkurrenz beim bestbesuchten Slalom der Vereinsgeschichte. Im Lauf zum Tagessieg der Serienautos fanden sich unsere Piloten nicht an der Spitze der Ergebnisliste. Das beste Ergebnis fuhr Peter Schauberger im Suzuki Swift Sport mit Rang 34 ein. Sonja Uitz kommt mit dem Toyota Yaris immer besser zurecht und holte Rang 37. Auf den Pl\u00e4tzen 43 bis 45 landeten Daniel Weber (VW Polo), Lisa M\u00fcllauer (Toyota Yaris) und Stefan Kellner (Renault Clio V6). Auch in der Klasse bis 1600 ccm war Peter Schauberger bestplatzierter MSRR-Pilot mit Rang 13. Sonja Uitz und Daniel Weber belegten die Pl\u00e4tze 15 und 16. Lisa M\u00fcllauer war auch bei den Youngsters vertreten und landete dort auf Rang neun. In der Damenklasse klappte es dann endlich mit den Podestpl\u00e4tzen. Rang zwei f\u00fcr Sonja Uitz vor Lisa M\u00fcllauer, Vierte wurde Anja Blazek im Audi A3 Quattro.<\/p>\n<hr \/>\n<p>Die Beteiligung unserer Piloten in den offenen Klassen stand ganz unter dem Motto \u201eAutotesten\u201c. Alexander Schiessling war die ersten Kilometer mit seinem Renault Megane Coup\u00e9 unterwegs. Das Fahrzeug wird bei den Youngtimern im Histocup eingesetzt und wird am 16.\/17. April beim Er\u00f6ffnungsrennen auf dem neuen Red Bull Ring in Spielberg erstmals eingesetzt. Helmut Kellner fuhr einen letzten Funktionstest mit seinem Autocross-Renault Twingo und Hans Eigenbauer war erstmals in diesem Jahr mit seinem Rallycross-VW Polo Turbo unterwegs. Beim Lauf zum Tagessieg hatte Alexander Schiessling die Nase knapp vorne. Er war schnellster aus der MSRR-Truppe und landete auf Rang 21. Unmittelbar dahinter Thomas Preiser im Ford Escort XR3, Reinhard Bointner im Seat Ibiza holte Rang 28. Helmut Kellner (Rang 34), Daniel Weber (35) und Stefan Kellner (38) waren die weiteren Platzierten. Hans Eigenbauer kam leider nicht weit, ein Verteilerschaden am VW Polo beendete die Fahrt vorzeitig. Die Teamkollegen waren auch in der Klasse bis 1600 unmittelbar hintereinander anzutreffen. Thomas Preiser und Reinhard Bointner belegten die Pl\u00e4tze sechs und sieben, Rang elf ging an Daniel Weber. Ebenfalls Rang elf f\u00fcr Alexander Schiessling in der Klasse bis 2000 ccm. Die beiden Kellners belegten die Pl\u00e4tze 16 (Helmut) und 17 (Stefan).<\/p>\n","protected":false},"excerpt":{"rendered":"<p>Auch unsere Fahrer nutzten die Gelegenheit, um ihre Rennautos kurz vor dem Saisonstart noch einem letzten Funktionstest zu unterziehen. Die Slalomriege war sowieso geschlossen mit dabei.<\/p>\n","protected":false},"author":1,"featured_media":0,"comment_status":"open","ping_status":"closed","sticky":false,"template":"","format":"standard","meta":{"ngg_post_thumbnail":0,"footnotes":""},"categories":[4],"tags":[],"class_list":["post-1865","post","type-post","status-publish","format-standard","hentry","category-slalom"],"_links":{"self":[{"href":"http:\/\/www.msrr.at\/cms\/wp-json\/wp\/v2\/posts\/1865","targetHints":{"allow":["GET"]}}],"collection":[{"href":"http:\/\/www.msrr.at\/cms\/wp-json\/wp\/v2\/posts"}],"about":[{"href":"http:\/\/www.msrr.at\/cms\/wp-json\/wp\/v2\/types\/post"}],"author":[{"embeddable":true,"href":"http:\/\/www.msrr.at\/cms\/wp-json\/wp\/v2\/users\/1"}],"replies":[{"embeddable":true,"href":"http:\/\/www.msrr.at\/cms\/wp-json\/wp\/v2\/comments?post=1865"}],"version-history":[{"count":1,"href":"http:\/\/www.msrr.at\/cms\/wp-json\/wp\/v2\/posts\/1865\/revisions"}],"predecessor-version":[{"id":1866,"href":"http:\/\/www.msrr.at\/cms\/wp-json\/wp\/v2\/posts\/1865\/revisions\/1866"}],"wp:attachment":[{"href":"http:\/\/www.msrr.at\/cms\/wp-json\/wp\/v2\/media?parent=1865"}],"wp:term":[{"taxonomy":"category","embeddable":true,"href":"http:\/\/www.msrr.at\/cms\/wp-json\/wp\/v2\/categories?post=1865"},{"taxonomy":"post_tag","embeddable":true,"href":"http:\/\/www.msrr.at\/cms\/wp-json\/wp\/v2\/tags?post=1865"}],"curies":[{"name":"wp","href":"https:\/\/api.w.org\/{rel}","templated":true}]}}