{"id":1733,"date":"2009-03-15T19:46:33","date_gmt":"2009-03-15T17:46:33","guid":{"rendered":"http:\/\/www.msrr.at\/cms\/?p=1733"},"modified":"2014-04-28T20:18:32","modified_gmt":"2014-04-28T18:18:32","slug":"kart-oetsm-2009-saisonvorschau","status":"publish","type":"post","link":"http:\/\/www.msrr.at\/cms\/kart-oetsm-2009-saisonvorschau\/","title":{"rendered":"KART-\u00d6TSM 2009 &#8211; Saisonvorschau"},"content":{"rendered":"<p><strong>Zwei Karts im Einsatz<\/strong><\/p>\n<p>Auch heuer werden wir mit unseren beiden Teams &#8222;MSRR p.b. telacc&#8220; und &#8222;MSRR p.b. speed academy&#8220; wieder die \u00d6sterreichische Team Kart Staatsmeisterschaft bestreiten. Derzeit laufen die letzten Vorbereitungen f\u00fcr den Saisonstart am 2.\/3. Mai auf der Pista Azzura in Jesolo\/Italien.<\/p>\n<p><!--more--><\/p>\n<p><img loading=\"lazy\" decoding=\"async\" class=\"alignnone size-full wp-image-345\" style=\"border: 1px solid black;\" alt=\"1063_freywald02_200\" src=\"http:\/\/www.msrr.at\/cms\/wp-content\/uploads\/2014\/02\/1063_freywald02_200.jpg\" width=\"200\" height=\"150\" \/> <img loading=\"lazy\" decoding=\"async\" class=\"alignnone size-full wp-image-348\" style=\"border: 1px solid black;\" alt=\"1066_hofer15_200\" src=\"http:\/\/www.msrr.at\/cms\/wp-content\/uploads\/2014\/02\/1066_hofer15_200.jpg\" width=\"200\" height=\"150\" \/><\/p>\n<p>Lange haben wir \u00fcberlegt in welcher Form das Kartteam weiter bestehen kann. Nachdem uns die Sponsoren des Vorjahres treu geblieben sind und weitere dazukamen, war die neue Saison gesichert. Neben &#8222;telacc GmbH&#8220; und &#8222;speed academy VermietungsgmbH&#8220; werden wir heuer auch vom &#8222;Autohaus Niedertscheider GmbH, Lienz&#8220; und vom &#8222;Druckhaus Schiner, Krems&#8220; unterst\u00fctzt. Besonders erw\u00e4hnen wollen wir, dass unser Teammitglied Wolfgang H\u00fcbner ebenso zu den Sponsoren der Saison 2009 z\u00e4hlt &#8211; und das als Privatperson!<\/p>\n<hr \/>\n<p>&nbsp;<\/p>\n<p>Nachdem die Ersatzteile in der letzten Saison restlos aufgebraucht wurden, werden wir heuer ein neues Kart anschaffen und das zweite Team mit den Restbest\u00e4nden in die Saison schicken. Neben der Materialaufstockung wird derzeit der Kader fixiert und die letzten Vorbereitungen f\u00fcr den Auftakt getroffen.<\/p>\n<hr \/>\n<p>&nbsp;<\/p>\n<p>Ein 26k\u00f6pfiges Team steht derzeit zur Verf\u00fcgung, daraus sollen die einzelnen Veranstaltungen beschickt werden. Besonders freut uns, dass wir mit Patrick Eigenbauer, Manuel Freywald, Christoph Kainz, Lukas Niedertscheider und Sebastian Ulbrich einige Youngsters im Team haben. Die jungen M\u00e4nner sind zwischen 14 und 17 Jahre alt und werden ihre ersten Karterfahrungen sammeln.<\/p>\n<p><strong>Die \u00d6TSM-Termine 2009:<\/strong><br \/>\n02.-03.5.2009 &#8211; Speed Event &#8211; Pista Azzura Jesolo\/I<br \/>\n06.-07.6.2009 &#8211; Speed Event &#8211; PS Racing Center Greinbach<br \/>\n24.-25.7.2009 &#8211; 24h Rennen Saalfelden\/Brandlhof<br \/>\n29.-30.8.2009 &#8211; Speed Event &#8211; Bruck A1 Speedworld<br \/>\n26.-27.9.2009 &#8211; Speed Event &#8211; Speedarena Rechnitz<\/p>\n<p>Wir werden euch selbstverst\u00e4ndlich \u00fcber alle News informieren, stay tuned&#8230;<\/p>\n","protected":false},"excerpt":{"rendered":"<p>Zwei Karts im Einsatz Auch heuer werden wir mit unseren beiden Teams &#8222;MSRR p.b. telacc&#8220; und &#8222;MSRR p.b. speed academy&#8220; wieder die \u00d6sterreichische Team Kart Staatsmeisterschaft bestreiten. Derzeit laufen die letzten Vorbereitungen f\u00fcr den Saisonstart am 2.\/3. Mai auf der Pista Azzura in Jesolo\/Italien.<\/p>\n","protected":false},"author":1,"featured_media":0,"comment_status":"open","ping_status":"closed","sticky":false,"template":"","format":"standard","meta":{"ngg_post_thumbnail":0,"footnotes":""},"categories":[7],"tags":[],"class_list":["post-1733","post","type-post","status-publish","format-standard","hentry","category-kart"],"_links":{"self":[{"href":"http:\/\/www.msrr.at\/cms\/wp-json\/wp\/v2\/posts\/1733","targetHints":{"allow":["GET"]}}],"collection":[{"href":"http:\/\/www.msrr.at\/cms\/wp-json\/wp\/v2\/posts"}],"about":[{"href":"http:\/\/www.msrr.at\/cms\/wp-json\/wp\/v2\/types\/post"}],"author":[{"embeddable":true,"href":"http:\/\/www.msrr.at\/cms\/wp-json\/wp\/v2\/users\/1"}],"replies":[{"embeddable":true,"href":"http:\/\/www.msrr.at\/cms\/wp-json\/wp\/v2\/comments?post=1733"}],"version-history":[{"count":2,"href":"http:\/\/www.msrr.at\/cms\/wp-json\/wp\/v2\/posts\/1733\/revisions"}],"predecessor-version":[{"id":1735,"href":"http:\/\/www.msrr.at\/cms\/wp-json\/wp\/v2\/posts\/1733\/revisions\/1735"}],"wp:attachment":[{"href":"http:\/\/www.msrr.at\/cms\/wp-json\/wp\/v2\/media?parent=1733"}],"wp:term":[{"taxonomy":"category","embeddable":true,"href":"http:\/\/www.msrr.at\/cms\/wp-json\/wp\/v2\/categories?post=1733"},{"taxonomy":"post_tag","embeddable":true,"href":"http:\/\/www.msrr.at\/cms\/wp-json\/wp\/v2\/tags?post=1733"}],"curies":[{"name":"wp","href":"https:\/\/api.w.org\/{rel}","templated":true}]}}